{"id":1622,"date":"2025-10-19T11:38:48","date_gmt":"2025-10-19T09:38:48","guid":{"rendered":"https:\/\/goetzbuam.de\/?p=1622"},"modified":"2025-10-28T20:09:38","modified_gmt":"2025-10-28T19:09:38","slug":"bayerischer-abend-nussloch-2025","status":"publish","type":"post","link":"https:\/\/goetzbuam.de\/?p=1622","title":{"rendered":"Bayerischer Abend Nu\u00dfloch (2025)"},"content":{"rendered":"\n<p>Gestern durften wir beim Bayerischen Abend anl\u00e4sslich des 150-j\u00e4hrigen Jubil\u00e4ums des Musikvereins Feuerwehrkapelle Nu\u00dfloch aufspielen \u2013 und was sollen wir sagen: Die Festhalle war voll, die Stimmung grandios und das Publikum einfach spitze!<\/p>\n\n\n\n<p>Es hat uns riesigen Spa\u00df gemacht, mit euch zu feiern, zu musizieren und gemeinsam diesen besonderen Anlass zu w\u00fcrdigen.<\/p>\n\n\n\n<p>Ein herzliches Dankesch\u00f6n an den Musikverein Feuerwehrkapelle Nu\u00dfloch f\u00fcr die Einladung und an alle G\u00e4ste f\u00fcr die tolle Atmosph\u00e4re!<\/p>\n\n\n\n<figure class=\"wp-block-image size-full\"><img loading=\"lazy\" decoding=\"async\" width=\"981\" height=\"668\" src=\"http:\/\/goetzbuam.de\/wp-content\/uploads\/2025\/10\/IMG_1940.jpg\" alt=\"\" class=\"wp-image-1626\" srcset=\"https:\/\/goetzbuam.de\/wp-content\/uploads\/2025\/10\/IMG_1940.jpg 981w, https:\/\/goetzbuam.de\/wp-content\/uploads\/2025\/10\/IMG_1940-300x204.jpg 300w, https:\/\/goetzbuam.de\/wp-content\/uploads\/2025\/10\/IMG_1940-768x523.jpg 768w\" sizes=\"(max-width: 981px) 100vw, 981px\" \/><figcaption class=\"wp-element-caption\">Foto: MV Feuerwehrkapelle Nu\u00dfloch<\/figcaption><\/figure>\n\n\n\n<figure class=\"wp-block-image size-large\"><img loading=\"lazy\" decoding=\"async\" width=\"1024\" height=\"576\" src=\"http:\/\/goetzbuam.de\/wp-content\/uploads\/2025\/10\/IMG_1926-1024x576.jpg\" alt=\"\" class=\"wp-image-1624\" srcset=\"https:\/\/goetzbuam.de\/wp-content\/uploads\/2025\/10\/IMG_1926-1024x576.jpg 1024w, https:\/\/goetzbuam.de\/wp-content\/uploads\/2025\/10\/IMG_1926-300x169.jpg 300w, https:\/\/goetzbuam.de\/wp-content\/uploads\/2025\/10\/IMG_1926-768x432.jpg 768w, https:\/\/goetzbuam.de\/wp-content\/uploads\/2025\/10\/IMG_1926-1536x864.jpg 1536w, https:\/\/goetzbuam.de\/wp-content\/uploads\/2025\/10\/IMG_1926-2048x1152.jpg 2048w, https:\/\/goetzbuam.de\/wp-content\/uploads\/2025\/10\/IMG_1926-678x381.jpg 678w\" sizes=\"(max-width: 1024px) 100vw, 1024px\" \/><\/figure>\n\n\n\n<figure class=\"wp-block-gallery has-nested-images columns-default is-cropped wp-block-gallery-1 is-layout-flex wp-block-gallery-is-layout-flex\">\n<figure class=\"wp-block-image size-large\"><img loading=\"lazy\" decoding=\"async\" width=\"1024\" height=\"843\" data-id=\"1630\" src=\"https:\/\/goetzbuam.de\/wp-content\/uploads\/2025\/10\/GBRNZN-1024x843.jpg\" alt=\"\" class=\"wp-image-1630\" srcset=\"https:\/\/goetzbuam.de\/wp-content\/uploads\/2025\/10\/GBRNZN-1024x843.jpg 1024w, https:\/\/goetzbuam.de\/wp-content\/uploads\/2025\/10\/GBRNZN-300x247.jpg 300w, https:\/\/goetzbuam.de\/wp-content\/uploads\/2025\/10\/GBRNZN-768x632.jpg 768w, https:\/\/goetzbuam.de\/wp-content\/uploads\/2025\/10\/GBRNZN-1536x1265.jpg 1536w, https:\/\/goetzbuam.de\/wp-content\/uploads\/2025\/10\/GBRNZN.jpg 1971w\" sizes=\"(max-width: 1024px) 100vw, 1024px\" \/><\/figure>\n<\/figure>\n","protected":false},"excerpt":{"rendered":"<div class=\"mh-excerpt\"><p>Gestern durften wir beim Bayerischen Abend anl\u00e4sslich des 150-j\u00e4hrigen Jubil\u00e4ums des Musikvereins Feuerwehrkapelle Nu\u00dfloch aufspielen \u2013 und was sollen wir sagen: Die Festhalle war voll, die Stimmung grandios und das Publikum einfach spitze! Es hat <a class=\"mh-excerpt-more\" href=\"https:\/\/goetzbuam.de\/?p=1622\" title=\"Bayerischer Abend Nu\u00dfloch (2025)\">[&#8230;]<\/a><\/p>\n<\/div>","protected":false},"author":1,"featured_media":1625,"comment_status":"closed","ping_status":"closed","sticky":false,"template":"","format":"standard","meta":{"footnotes":""},"categories":[1,5],"tags":[],"_links":{"self":[{"href":"https:\/\/goetzbuam.de\/index.php?rest_route=\/wp\/v2\/posts\/1622"}],"collection":[{"href":"https:\/\/goetzbuam.de\/index.php?rest_route=\/wp\/v2\/posts"}],"about":[{"href":"https:\/\/goetzbuam.de\/index.php?rest_route=\/wp\/v2\/types\/post"}],"author":[{"embeddable":true,"href":"https:\/\/goetzbuam.de\/index.php?rest_route=\/wp\/v2\/users\/1"}],"replies":[{"embeddable":true,"href":"https:\/\/goetzbuam.de\/index.php?rest_route=%2Fwp%2Fv2%2Fcomments&post=1622"}],"version-history":[{"count":2,"href":"https:\/\/goetzbuam.de\/index.php?rest_route=\/wp\/v2\/posts\/1622\/revisions"}],"predecessor-version":[{"id":1631,"href":"https:\/\/goetzbuam.de\/index.php?rest_route=\/wp\/v2\/posts\/1622\/revisions\/1631"}],"wp:featuredmedia":[{"embeddable":true,"href":"https:\/\/goetzbuam.de\/index.php?rest_route=\/wp\/v2\/media\/1625"}],"wp:attachment":[{"href":"https:\/\/goetzbuam.de\/index.php?rest_route=%2Fwp%2Fv2%2Fmedia&parent=1622"}],"wp:term":[{"taxonomy":"category","embeddable":true,"href":"https:\/\/goetzbuam.de\/index.php?rest_route=%2Fwp%2Fv2%2Fcategories&post=1622"},{"taxonomy":"post_tag","embeddable":true,"href":"https:\/\/goetzbuam.de\/index.php?rest_route=%2Fwp%2Fv2%2Ftags&post=1622"}],"curies":[{"name":"wp","href":"https:\/\/api.w.org\/{rel}","templated":true}]}}